{"id":33321,"date":"2026-05-01T12:34:00","date_gmt":"2026-05-01T12:34:00","guid":{"rendered":"https:\/\/smnoticias.com.mx\/?p=33321"},"modified":"2026-05-01T19:40:09","modified_gmt":"2026-05-01T19:40:09","slug":"festejo-del-dia-de-las-infancias-recorrieron-villa-de-pozos","status":"publish","type":"post","link":"https:\/\/smnoticias.com.mx\/index.php\/2026\/05\/01\/festejo-del-dia-de-las-infancias-recorrieron-villa-de-pozos\/","title":{"rendered":"Festejo del d\u00eda de las infancias recorrieron Villa de Pozos"},"content":{"rendered":"\n<ul>\n<li><strong>Paty Aradillas culmin\u00f3 esta celebraci\u00f3n con alegr\u00eda en Santa Rita y La Campi\u00f1a, donde llev\u00f3 regalos y sorpresas a los m\u00e1s peque\u00f1os del hogar.<\/strong><\/li>\n<\/ul>\n\n\n\n<p>Para concluir los festejos del D\u00eda del Ni\u00f1o y la Ni\u00f1a, la Presidenta Concejal de Villa de Pozos, Paty Aradillas, visit\u00f3 la comunidad de Santa Rita y La Campi\u00f1a, donde llev\u00f3 alegr\u00eda y momentos inolvidables a las y los peque\u00f1os en este d\u00eda tan especial.<\/p>\n\n\n\n<p>Durante el festejo, las y los peque\u00f1os participaron en diversas actividades recreativas, recibieron regalos y compartieron momentos de convivencia, alegr\u00eda y diversi\u00f3n que fortalecen la sana convivencia&nbsp; para la ni\u00f1ez del municipio.<\/p>\n\n\n\n<p>Paty Aradillas destac\u00f3 la importancia de reconocer y celebrar a las ni\u00f1as y ni\u00f1os, reiterando su compromiso de seguir impulsando acciones que garanticen su bienestar, desarrollo y felicidad en todos los sectores de Villa de Pozos.<\/p>\n\n\n\n<p>Con este evento, la Presidenta Concejal cerr\u00f3 una jornada llena de alegr\u00eda y diversi\u00f3n, recorriendo distintos puntos del municipio para celebrar este d\u00eda tan especial, llevando sonrisas a cada rinc\u00f3n y reafirmando que las ni\u00f1as y ni\u00f1os son una prioridad en su gobierno.<\/p>\n","protected":false},"excerpt":{"rendered":"<p>Para concluir los festejos del D\u00eda del Ni\u00f1o y la Ni\u00f1a, la Presidenta Concejal de Villa de Pozos, Paty Aradillas, visit\u00f3 la comunidad de Santa Rita y La Campi\u00f1a, donde llev\u00f3 alegr\u00eda y momentos inolvidables a las y los peque\u00f1os en este d\u00eda tan especial. Durante el festejo, las y los peque\u00f1os participaron en diversas [&hellip;]<\/p>\n","protected":false},"author":1,"featured_media":33322,"comment_status":"open","ping_status":"open","sticky":false,"template":"","format":"standard","meta":{"om_disable_all_campaigns":false,"footnotes":""},"categories":[15],"tags":[],"aioseo_notices":[],"_links":{"self":[{"href":"https:\/\/smnoticias.com.mx\/index.php\/wp-json\/wp\/v2\/posts\/33321"}],"collection":[{"href":"https:\/\/smnoticias.com.mx\/index.php\/wp-json\/wp\/v2\/posts"}],"about":[{"href":"https:\/\/smnoticias.com.mx\/index.php\/wp-json\/wp\/v2\/types\/post"}],"author":[{"embeddable":true,"href":"https:\/\/smnoticias.com.mx\/index.php\/wp-json\/wp\/v2\/users\/1"}],"replies":[{"embeddable":true,"href":"https:\/\/smnoticias.com.mx\/index.php\/wp-json\/wp\/v2\/comments?post=33321"}],"version-history":[{"count":1,"href":"https:\/\/smnoticias.com.mx\/index.php\/wp-json\/wp\/v2\/posts\/33321\/revisions"}],"predecessor-version":[{"id":33323,"href":"https:\/\/smnoticias.com.mx\/index.php\/wp-json\/wp\/v2\/posts\/33321\/revisions\/33323"}],"wp:featuredmedia":[{"embeddable":true,"href":"https:\/\/smnoticias.com.mx\/index.php\/wp-json\/wp\/v2\/media\/33322"}],"wp:attachment":[{"href":"https:\/\/smnoticias.com.mx\/index.php\/wp-json\/wp\/v2\/media?parent=33321"}],"wp:term":[{"taxonomy":"category","embeddable":true,"href":"https:\/\/smnoticias.com.mx\/index.php\/wp-json\/wp\/v2\/categories?post=33321"},{"taxonomy":"post_tag","embeddable":true,"href":"https:\/\/smnoticias.com.mx\/index.php\/wp-json\/wp\/v2\/tags?post=33321"}],"curies":[{"name":"wp","href":"https:\/\/api.w.org\/{rel}","templated":true}]}}