{"id":33324,"date":"2026-05-01T12:41:00","date_gmt":"2026-05-01T12:41:00","guid":{"rendered":"https:\/\/smnoticias.com.mx\/?p=33324"},"modified":"2026-05-01T19:42:37","modified_gmt":"2026-05-01T19:42:37","slug":"villa-de-pozos-fortalece-su-desarrollo-turistico-con-alianza-entre-gobierno-y-sector-empresarial","status":"publish","type":"post","link":"https:\/\/smnoticias.com.mx\/index.php\/2026\/05\/01\/villa-de-pozos-fortalece-su-desarrollo-turistico-con-alianza-entre-gobierno-y-sector-empresarial\/","title":{"rendered":"Villa de Pozos fortalece su desarrollo tur\u00edstico con alianza entre gobierno y sector empresarial"},"content":{"rendered":"\n<ul>\n<li><strong>Se tom\u00f3 protesta al presidente de la Canaco, como nuevo integrante del Consejo Consultivo de Turismo Municipal.<\/strong><\/li>\n<\/ul>\n\n\n\n<p>Con el objetivo de fortalecer la coordinaci\u00f3n institucional y proyectar el potencial tur\u00edstico del municipio, Villa de Pozos celebr\u00f3 este 30 de abril la 5\u00aa Sesi\u00f3n Ordinaria del Consejo Consultivo de Turismo Municipal, en un encuentro estrat\u00e9gico que reuni\u00f3 a autoridades y representantes del sector empresarial para impulsar el desarrollo del destino.<\/p>\n\n\n\n<p>Durante la sesi\u00f3n, realizada en las instalaciones de la C\u00e1mara Nacional de Comercio, Servicios y Turismo de San Luis Potos\u00ed, se llev\u00f3 a cabo la toma de protesta del Lic. Mauricio Mahbub Tamez, presidente electo del organismo, quien se integr\u00f3 como vocal al Consejo con el compromiso de sumar esfuerzos entre el sector empresarial y el gobierno municipal.<\/p>\n\n\n\n<p>La directora de Turismo Municipal, Aurora Zamora V\u00e1zquez, subray\u00f3 que la instrucci\u00f3n de la presidenta concejal, Paty Aradillas es el de trabajar de la mano con el sector empresarial, que permitir\u00e1 posicionar a Villa de Pozos como un referente tur\u00edstico regional, fortaleciendo la econom\u00eda local y proyectando sus principales atractivos.<\/p>\n\n\n\n<p>Como parte del orden del d\u00eda, se present\u00f3 un proyecto integral de capacitaci\u00f3n enfocado en elevar la calidad de la atenci\u00f3n y la competitividad de los prestadores de servicios, el cual se estar\u00e1 presentando en pr\u00f3ximas semanas.<\/p>\n\n\n\n<p>Durante esta sesi\u00f3n de consejo, se cont\u00f3 con la participaci\u00f3n como invitada especial de Rosaura G\u00f3mez Oliva, presidenta de la Asociaci\u00f3n de Hoteles y Moteles de San Luis Potos\u00ed, lo que refuerza la importancia de la colaboraci\u00f3n entre organismos tur\u00edsticos y empresariales para generar mayores oportunidades de promoci\u00f3n y profesionalizaci\u00f3n en el sector.<\/p>\n","protected":false},"excerpt":{"rendered":"<p>Con el objetivo de fortalecer la coordinaci\u00f3n institucional y proyectar el potencial tur\u00edstico del municipio, Villa de Pozos celebr\u00f3 este 30 de abril la 5\u00aa Sesi\u00f3n Ordinaria del Consejo Consultivo de Turismo Municipal, en un encuentro estrat\u00e9gico que reuni\u00f3 a autoridades y representantes del sector empresarial para impulsar el desarrollo del destino. Durante la sesi\u00f3n, [&hellip;]<\/p>\n","protected":false},"author":1,"featured_media":33325,"comment_status":"open","ping_status":"open","sticky":false,"template":"","format":"standard","meta":{"om_disable_all_campaigns":false,"footnotes":""},"categories":[15],"tags":[],"aioseo_notices":[],"_links":{"self":[{"href":"https:\/\/smnoticias.com.mx\/index.php\/wp-json\/wp\/v2\/posts\/33324"}],"collection":[{"href":"https:\/\/smnoticias.com.mx\/index.php\/wp-json\/wp\/v2\/posts"}],"about":[{"href":"https:\/\/smnoticias.com.mx\/index.php\/wp-json\/wp\/v2\/types\/post"}],"author":[{"embeddable":true,"href":"https:\/\/smnoticias.com.mx\/index.php\/wp-json\/wp\/v2\/users\/1"}],"replies":[{"embeddable":true,"href":"https:\/\/smnoticias.com.mx\/index.php\/wp-json\/wp\/v2\/comments?post=33324"}],"version-history":[{"count":1,"href":"https:\/\/smnoticias.com.mx\/index.php\/wp-json\/wp\/v2\/posts\/33324\/revisions"}],"predecessor-version":[{"id":33326,"href":"https:\/\/smnoticias.com.mx\/index.php\/wp-json\/wp\/v2\/posts\/33324\/revisions\/33326"}],"wp:featuredmedia":[{"embeddable":true,"href":"https:\/\/smnoticias.com.mx\/index.php\/wp-json\/wp\/v2\/media\/33325"}],"wp:attachment":[{"href":"https:\/\/smnoticias.com.mx\/index.php\/wp-json\/wp\/v2\/media?parent=33324"}],"wp:term":[{"taxonomy":"category","embeddable":true,"href":"https:\/\/smnoticias.com.mx\/index.php\/wp-json\/wp\/v2\/categories?post=33324"},{"taxonomy":"post_tag","embeddable":true,"href":"https:\/\/smnoticias.com.mx\/index.php\/wp-json\/wp\/v2\/tags?post=33324"}],"curies":[{"name":"wp","href":"https:\/\/api.w.org\/{rel}","templated":true}]}}