{"id":33330,"date":"2026-05-01T11:30:00","date_gmt":"2026-05-01T11:30:00","guid":{"rendered":"https:\/\/smnoticias.com.mx\/?p=33330"},"modified":"2026-05-02T04:44:27","modified_gmt":"2026-05-02T04:44:27","slug":"dif-municipal-festeja-a-la-ninez-potisina","status":"publish","type":"post","link":"https:\/\/smnoticias.com.mx\/index.php\/2026\/05\/01\/dif-municipal-festeja-a-la-ninez-potisina\/","title":{"rendered":"\u00a0DIF Municipal festeja a la ni\u00f1ez potosina"},"content":{"rendered":"\n<ul>\n<li><strong>El Alcalde Enrique Galindo se uni\u00f3 a la celebraci\u00f3n recordando momentos que las y los ni\u00f1os mantendr\u00e1n con alegr\u00eda<\/strong><\/li>\n<\/ul>\n\n\n\n<p>Recordando canciones de la infancia y con la invitaci\u00f3n de la Presidenta del DIF Municipal Estela Arriaga M\u00e1rquez y el Alcalde Enrique Galindo Ceballos a celebrar el d\u00eda de las ni\u00f1as y los ni\u00f1os, es que m disfrutaron de una tarde llena de alegr\u00eda y diversi\u00f3n.<\/p>\n\n\n\n<p>El Parque Municipal Inclusivo \u201cFrancisco Gabilondo Soler, CRI CRI\u201d, abri\u00f3 sus puertas para recibir a un centenar de m\u00e1s y ni\u00f1os quienes convivieron con sus familias, recibieron dulces, obsequios y fueron reconocidos por las autoridades como pieza fundamental en las familias de este San Luis Amable.<\/p>\n\n\n\n<p>Entre juegos, m\u00fasica y risas, las y los asistentes recordaron momentos importantes de su infancia, mientras las autoridades destacaron la importancia de proteger, brindar amor e impulsar el sano desarrollo de la ni\u00f1ez potosina.<\/p>\n\n\n\n<p>As\u00ed mismo, tuvieron la oportunidad de disfrutar de la biblioteca m\u00f3vil, y convivir con personajes que la Secretaria de Seguridad y Protecci\u00f3n Ciudadana llev\u00f3 para completar el festejo por el 30 de abril.<\/p>\n","protected":false},"excerpt":{"rendered":"<p>Recordando canciones de la infancia y con la invitaci\u00f3n de la Presidenta del DIF Municipal Estela Arriaga M\u00e1rquez y el Alcalde Enrique Galindo Ceballos a celebrar el d\u00eda de las ni\u00f1as y los ni\u00f1os, es que m disfrutaron de una tarde llena de alegr\u00eda y diversi\u00f3n. El Parque Municipal Inclusivo \u201cFrancisco Gabilondo Soler, CRI CRI\u201d, [&hellip;]<\/p>\n","protected":false},"author":1,"featured_media":33331,"comment_status":"open","ping_status":"open","sticky":false,"template":"","format":"standard","meta":{"om_disable_all_campaigns":false,"footnotes":""},"categories":[4],"tags":[],"aioseo_notices":[],"_links":{"self":[{"href":"https:\/\/smnoticias.com.mx\/index.php\/wp-json\/wp\/v2\/posts\/33330"}],"collection":[{"href":"https:\/\/smnoticias.com.mx\/index.php\/wp-json\/wp\/v2\/posts"}],"about":[{"href":"https:\/\/smnoticias.com.mx\/index.php\/wp-json\/wp\/v2\/types\/post"}],"author":[{"embeddable":true,"href":"https:\/\/smnoticias.com.mx\/index.php\/wp-json\/wp\/v2\/users\/1"}],"replies":[{"embeddable":true,"href":"https:\/\/smnoticias.com.mx\/index.php\/wp-json\/wp\/v2\/comments?post=33330"}],"version-history":[{"count":2,"href":"https:\/\/smnoticias.com.mx\/index.php\/wp-json\/wp\/v2\/posts\/33330\/revisions"}],"predecessor-version":[{"id":33333,"href":"https:\/\/smnoticias.com.mx\/index.php\/wp-json\/wp\/v2\/posts\/33330\/revisions\/33333"}],"wp:featuredmedia":[{"embeddable":true,"href":"https:\/\/smnoticias.com.mx\/index.php\/wp-json\/wp\/v2\/media\/33331"}],"wp:attachment":[{"href":"https:\/\/smnoticias.com.mx\/index.php\/wp-json\/wp\/v2\/media?parent=33330"}],"wp:term":[{"taxonomy":"category","embeddable":true,"href":"https:\/\/smnoticias.com.mx\/index.php\/wp-json\/wp\/v2\/categories?post=33330"},{"taxonomy":"post_tag","embeddable":true,"href":"https:\/\/smnoticias.com.mx\/index.php\/wp-json\/wp\/v2\/tags?post=33330"}],"curies":[{"name":"wp","href":"https:\/\/api.w.org\/{rel}","templated":true}]}}