{"id":33334,"date":"2026-05-01T15:20:00","date_gmt":"2026-05-01T15:20:00","guid":{"rendered":"https:\/\/smnoticias.com.mx\/?p=33334"},"modified":"2026-05-02T04:47:23","modified_gmt":"2026-05-02T04:47:23","slug":"gobierno-de-la-capital-invita-a-disfrutar-la-feria-del-taco","status":"publish","type":"post","link":"https:\/\/smnoticias.com.mx\/index.php\/2026\/05\/01\/gobierno-de-la-capital-invita-a-disfrutar-la-feria-del-taco\/","title":{"rendered":"Gobierno de la Capital invita a disfrutar la Feria del Taco"},"content":{"rendered":"\n<ul>\n<li><strong>Las mejores taquer\u00edas de la ciudad participar\u00e1n en este evento gastron\u00f3mico los d\u00edas s\u00e1bado 2 y domingo 3 de mayo en la Alameda Juan Sarabia<\/strong><\/li>\n<\/ul>\n\n\n\n<p>El Gobierno de la Capital invita a todas las familias potosinas y a quienes nos visitan de otros lugares del pa\u00eds, a que disfruten de la primera Feria del Taco San Luis Amable, evento gastron\u00f3mico en el que participar\u00e1n los principales establecimientos de la ciudad.<\/p>\n\n\n\n<p>El evento, que se celebrar\u00e1 en la Alameda Juan Sarabia, se podr\u00e1n saborear m\u00faltiples zasones, estilos y variedades para desayunar, comer o cenar, ya que las taquer\u00edas ofrecer\u00e1n sus especialidades de las 10:00 de la ma\u00f1ana a las 10:00 de la noche.<\/p>\n\n\n\n<p>El evento es impulsado por el presidente municipal de la capital, Enrique Galindo Ceballos, con el fin de que promover la gran variedad de tacos que se ofertan en todas las zonas de la ciudad.<\/p>\n\n\n\n<p>Igualmente la Feria del Taco es una excelente oportunidad para fomentar la convivencia familiar, as\u00ed como para que el turismo conozca las m\u00faltiples opciones que ofrecen los verdaderos expertos de esta especialidad gastron\u00f3mica.<\/p>\n","protected":false},"excerpt":{"rendered":"<p>El Gobierno de la Capital invita a todas las familias potosinas y a quienes nos visitan de otros lugares del pa\u00eds, a que disfruten de la primera Feria del Taco San Luis Amable, evento gastron\u00f3mico en el que participar\u00e1n los principales establecimientos de la ciudad. El evento, que se celebrar\u00e1 en la Alameda Juan Sarabia, [&hellip;]<\/p>\n","protected":false},"author":1,"featured_media":33335,"comment_status":"open","ping_status":"open","sticky":false,"template":"","format":"standard","meta":{"om_disable_all_campaigns":false,"footnotes":""},"categories":[4],"tags":[],"aioseo_notices":[],"_links":{"self":[{"href":"https:\/\/smnoticias.com.mx\/index.php\/wp-json\/wp\/v2\/posts\/33334"}],"collection":[{"href":"https:\/\/smnoticias.com.mx\/index.php\/wp-json\/wp\/v2\/posts"}],"about":[{"href":"https:\/\/smnoticias.com.mx\/index.php\/wp-json\/wp\/v2\/types\/post"}],"author":[{"embeddable":true,"href":"https:\/\/smnoticias.com.mx\/index.php\/wp-json\/wp\/v2\/users\/1"}],"replies":[{"embeddable":true,"href":"https:\/\/smnoticias.com.mx\/index.php\/wp-json\/wp\/v2\/comments?post=33334"}],"version-history":[{"count":1,"href":"https:\/\/smnoticias.com.mx\/index.php\/wp-json\/wp\/v2\/posts\/33334\/revisions"}],"predecessor-version":[{"id":33336,"href":"https:\/\/smnoticias.com.mx\/index.php\/wp-json\/wp\/v2\/posts\/33334\/revisions\/33336"}],"wp:featuredmedia":[{"embeddable":true,"href":"https:\/\/smnoticias.com.mx\/index.php\/wp-json\/wp\/v2\/media\/33335"}],"wp:attachment":[{"href":"https:\/\/smnoticias.com.mx\/index.php\/wp-json\/wp\/v2\/media?parent=33334"}],"wp:term":[{"taxonomy":"category","embeddable":true,"href":"https:\/\/smnoticias.com.mx\/index.php\/wp-json\/wp\/v2\/categories?post=33334"},{"taxonomy":"post_tag","embeddable":true,"href":"https:\/\/smnoticias.com.mx\/index.php\/wp-json\/wp\/v2\/tags?post=33334"}],"curies":[{"name":"wp","href":"https:\/\/api.w.org\/{rel}","templated":true}]}}