{"id":33340,"date":"2026-05-01T17:55:00","date_gmt":"2026-05-01T17:55:00","guid":{"rendered":"https:\/\/smnoticias.com.mx\/?p=33340"},"modified":"2026-05-02T04:55:38","modified_gmt":"2026-05-02T04:55:38","slug":"san-luis-potosi-ciudad-creativa-de-la-literatura-unesco-presente-en-la-fenal-2026","status":"publish","type":"post","link":"https:\/\/smnoticias.com.mx\/index.php\/2026\/05\/01\/san-luis-potosi-ciudad-creativa-de-la-literatura-unesco-presente-en-la-fenal-2026\/","title":{"rendered":"San Luis Potos\u00ed, Ciudad Creativa de la Literatura UNESCO, presente en la FENAL 2026"},"content":{"rendered":"\n<p>La Direcci\u00f3n de Cultura Municipal de San Luis Potos\u00ed fortalece su proyecci\u00f3n nacional al participar en la 37\u00aa edici\u00f3n de la Feria Nacional del Libro de Le\u00f3n (FENAL), uno de los encuentros literarios m\u00e1s importantes del pa\u00eds, que se celebrar\u00e1 en la ciudad de Le\u00f3n, Guanajuato, consolidando as\u00ed el compromiso del Gobierno de la Capital con la promoci\u00f3n de las letras, el pensamiento cr\u00edtico y el impulso a sus creadoras y creadores.<\/p>\n\n\n\n<p>Como parte de esta destacada presencia, San Luis Potos\u00ed participar\u00e1 en la mesa de reflexi\u00f3n \u201cEscribir desde el Baj\u00edo: procesos, identidad y nuevos p\u00fablicos\u201d, dentro del ciclo \u201cLe\u00f3n 450: La herencia de las letras\u201d, programada para el pr\u00f3ximo 4 de mayo a las 18:00 horas en el foro Sor Juana In\u00e9s de la Cruz del Poliforum Le\u00f3n.<\/p>\n\n\n\n<p>En este importante espacio literario estar\u00e1n presentes Francisco M\u00e1rquez, Celeste Alba y Joel Alba, ganadores del Premio Municipal de Literatura organizado por el Gobierno Municipal de San Luis Potos\u00ed, quienes compartir\u00e1n sus experiencias creativas, reflexiones sobre la construcci\u00f3n literaria desde la regi\u00f3n del Baj\u00edo, as\u00ed como sus perspectivas sobre la identidad cultural y la formaci\u00f3n de nuevas audiencias lectoras.<\/p>\n\n\n\n<p>La participaci\u00f3n de San Luis Capital en la FENAL representa una plataforma fundamental para visibilizar el talento literario potosino a nivel nacional, reafirmando el papel de la ciudad como un referente en pol\u00edticas culturales s\u00f3lidas y en la generaci\u00f3n de espacios para el desarrollo art\u00edstico.<\/p>\n\n\n\n<p>Este esfuerzo forma parte de la visi\u00f3n cultural impulsada por el alcalde Enrique Galindo Ceballos, quien ha consolidado una estrategia integral para fortalecer la cultura como motor de transformaci\u00f3n social, posicionando a San Luis Potos\u00ed como una ciudad din\u00e1mica, innovadora y con una destacada presencia en el \u00e1mbito literario.<\/p>\n\n\n\n<p>Gracias a este trabajo sostenido, San Luis Potos\u00ed ostenta con orgullo el reconocimiento internacional como Ciudad Creativa de la Literatura por la UNESCO, distinci\u00f3n que respalda su vocaci\u00f3n como territorio generador de pensamiento, creaci\u00f3n art\u00edstica y promoci\u00f3n de la lectura.<\/p>\n\n\n\n<p>El Director de Cultura Municipal, Mart\u00edn Ju\u00e1rez C\u00f3rdova, destac\u00f3 que esta participaci\u00f3n en la Feria Nacional del Libro de Le\u00f3n reafirma el compromiso institucional con la proyecci\u00f3n del talento local:<\/p>\n\n\n\n<p>\u201cPara San Luis Potos\u00ed es fundamental abrir espacios donde nuestras y nuestros autores puedan dialogar con otros p\u00fablicos, compartir sus procesos y fortalecer la presencia literaria de nuestra ciudad. Ser parte de la FENAL no solo reconoce la calidad de nuestras voces emergentes y consolidadas, sino que tambi\u00e9n fortalece nuestra identidad como Ciudad Creativa de la Literatura ante M\u00e9xico y el mundo\u201d.<\/p>\n\n\n\n<p>Asimismo, Ju\u00e1rez C\u00f3rdova subray\u00f3 que el respaldo del Gobierno Municipal contin\u00faa generando oportunidades para que las y los creadores potosinos trasciendan fronteras, construyan nuevas redes culturales y consoliden a San Luis Capital como una referencia nacional en materia de promoci\u00f3n literaria.<\/p>\n","protected":false},"excerpt":{"rendered":"<p>La Direcci\u00f3n de Cultura Municipal de San Luis Potos\u00ed fortalece su proyecci\u00f3n nacional al participar en la 37\u00aa edici\u00f3n de la Feria Nacional del Libro de Le\u00f3n (FENAL), uno de los encuentros literarios m\u00e1s importantes del pa\u00eds, que se celebrar\u00e1 en la ciudad de Le\u00f3n, Guanajuato, consolidando as\u00ed el compromiso del Gobierno de la Capital [&hellip;]<\/p>\n","protected":false},"author":1,"featured_media":33341,"comment_status":"open","ping_status":"open","sticky":false,"template":"","format":"standard","meta":{"om_disable_all_campaigns":false,"footnotes":""},"categories":[6],"tags":[],"aioseo_notices":[],"_links":{"self":[{"href":"https:\/\/smnoticias.com.mx\/index.php\/wp-json\/wp\/v2\/posts\/33340"}],"collection":[{"href":"https:\/\/smnoticias.com.mx\/index.php\/wp-json\/wp\/v2\/posts"}],"about":[{"href":"https:\/\/smnoticias.com.mx\/index.php\/wp-json\/wp\/v2\/types\/post"}],"author":[{"embeddable":true,"href":"https:\/\/smnoticias.com.mx\/index.php\/wp-json\/wp\/v2\/users\/1"}],"replies":[{"embeddable":true,"href":"https:\/\/smnoticias.com.mx\/index.php\/wp-json\/wp\/v2\/comments?post=33340"}],"version-history":[{"count":1,"href":"https:\/\/smnoticias.com.mx\/index.php\/wp-json\/wp\/v2\/posts\/33340\/revisions"}],"predecessor-version":[{"id":33342,"href":"https:\/\/smnoticias.com.mx\/index.php\/wp-json\/wp\/v2\/posts\/33340\/revisions\/33342"}],"wp:featuredmedia":[{"embeddable":true,"href":"https:\/\/smnoticias.com.mx\/index.php\/wp-json\/wp\/v2\/media\/33341"}],"wp:attachment":[{"href":"https:\/\/smnoticias.com.mx\/index.php\/wp-json\/wp\/v2\/media?parent=33340"}],"wp:term":[{"taxonomy":"category","embeddable":true,"href":"https:\/\/smnoticias.com.mx\/index.php\/wp-json\/wp\/v2\/categories?post=33340"},{"taxonomy":"post_tag","embeddable":true,"href":"https:\/\/smnoticias.com.mx\/index.php\/wp-json\/wp\/v2\/tags?post=33340"}],"curies":[{"name":"wp","href":"https:\/\/api.w.org\/{rel}","templated":true}]}}