{"id":33352,"date":"2026-05-01T14:14:00","date_gmt":"2026-05-01T14:14:00","guid":{"rendered":"https:\/\/smnoticias.com.mx\/?p=33352"},"modified":"2026-05-02T05:12:21","modified_gmt":"2026-05-02T05:12:21","slug":"guardia-civil-municipal-lleva-alegria-a-la-ninez-de-villa-de-pozos","status":"publish","type":"post","link":"https:\/\/smnoticias.com.mx\/index.php\/2026\/05\/01\/guardia-civil-municipal-lleva-alegria-a-la-ninez-de-villa-de-pozos\/","title":{"rendered":"Guardia Civil Municipal lleva alegr\u00eda a la ni\u00f1ez de Villa de Pozos"},"content":{"rendered":"\n<ul>\n<li><strong>Elementos municipales se sumaron a las celebraciones del D\u00eda de la Ni\u00f1ez con la entrega de juguetes a ni\u00f1as y ni\u00f1os del municipio.<\/strong><\/li>\n<\/ul>\n\n\n\n<p>En el marco de las celebraciones por el D\u00eda de la Ni\u00f1ez, la Guardia Civil Municipal de Villa de Pozos se sum\u00f3 a esta importante conmemoraci\u00f3n por lo que llevaron alegr\u00eda y momentos especiales a las ni\u00f1as y ni\u00f1os del municipio, a trav\u00e9s de la entrega de juguetes.<\/p>\n\n\n\n<p>Con una actitud cercana y de servicio, los elementos municipales recorrieron distintos puntos para convivir con las familias y compartir sonrisas con las y los m\u00e1s peque\u00f1os del hogar, quienes recibieron con entusiasmo estos obsequios, lo que convirti\u00f3 de esta jornada en una experiencia llena de emoci\u00f3n y calidez.<\/p>\n\n\n\n<p>M\u00e1s all\u00e1 de su labor diaria en materia de seguridad, la Guardia Civil Municipal refrend\u00f3 su compromiso social al participar activamente en este tipo de actividades, para fortalecer el v\u00ednculo con la ciudadan\u00eda y generar confianza entre la poblaci\u00f3n.<\/p>\n\n\n\n<p>Durante estas acciones, las ni\u00f1as y ni\u00f1os disfrutaron de un ambiente lleno de alegr\u00eda, donde cada juguete entregado represent\u00f3 un gesto de cercan\u00eda y atenci\u00f3n, por lo que se recuerda la importancia de brindar espacios positivos para su desarrollo.<\/p>\n","protected":false},"excerpt":{"rendered":"<p>En el marco de las celebraciones por el D\u00eda de la Ni\u00f1ez, la Guardia Civil Municipal de Villa de Pozos se sum\u00f3 a esta importante conmemoraci\u00f3n por lo que llevaron alegr\u00eda y momentos especiales a las ni\u00f1as y ni\u00f1os del municipio, a trav\u00e9s de la entrega de juguetes. Con una actitud cercana y de servicio, [&hellip;]<\/p>\n","protected":false},"author":1,"featured_media":33353,"comment_status":"open","ping_status":"open","sticky":false,"template":"","format":"standard","meta":{"om_disable_all_campaigns":false,"footnotes":""},"categories":[15],"tags":[],"aioseo_notices":[],"_links":{"self":[{"href":"https:\/\/smnoticias.com.mx\/index.php\/wp-json\/wp\/v2\/posts\/33352"}],"collection":[{"href":"https:\/\/smnoticias.com.mx\/index.php\/wp-json\/wp\/v2\/posts"}],"about":[{"href":"https:\/\/smnoticias.com.mx\/index.php\/wp-json\/wp\/v2\/types\/post"}],"author":[{"embeddable":true,"href":"https:\/\/smnoticias.com.mx\/index.php\/wp-json\/wp\/v2\/users\/1"}],"replies":[{"embeddable":true,"href":"https:\/\/smnoticias.com.mx\/index.php\/wp-json\/wp\/v2\/comments?post=33352"}],"version-history":[{"count":1,"href":"https:\/\/smnoticias.com.mx\/index.php\/wp-json\/wp\/v2\/posts\/33352\/revisions"}],"predecessor-version":[{"id":33354,"href":"https:\/\/smnoticias.com.mx\/index.php\/wp-json\/wp\/v2\/posts\/33352\/revisions\/33354"}],"wp:featuredmedia":[{"embeddable":true,"href":"https:\/\/smnoticias.com.mx\/index.php\/wp-json\/wp\/v2\/media\/33353"}],"wp:attachment":[{"href":"https:\/\/smnoticias.com.mx\/index.php\/wp-json\/wp\/v2\/media?parent=33352"}],"wp:term":[{"taxonomy":"category","embeddable":true,"href":"https:\/\/smnoticias.com.mx\/index.php\/wp-json\/wp\/v2\/categories?post=33352"},{"taxonomy":"post_tag","embeddable":true,"href":"https:\/\/smnoticias.com.mx\/index.php\/wp-json\/wp\/v2\/tags?post=33352"}],"curies":[{"name":"wp","href":"https:\/\/api.w.org\/{rel}","templated":true}]}}