{"id":33355,"date":"2026-05-01T09:15:00","date_gmt":"2026-05-01T09:15:00","guid":{"rendered":"https:\/\/smnoticias.com.mx\/?p=33355"},"modified":"2026-05-02T05:18:59","modified_gmt":"2026-05-02T05:18:59","slug":"gobierno-estatal-invita-a-expo-tu-descanso-en-centro-de-negocios-potosi","status":"publish","type":"post","link":"https:\/\/smnoticias.com.mx\/index.php\/2026\/05\/01\/gobierno-estatal-invita-a-expo-tu-descanso-en-centro-de-negocios-potosi\/","title":{"rendered":"Gobierno estatal invita a Expo Tu Descanso en Centro de Negocios Potos\u00ed"},"content":{"rendered":"\n<ul>\n<li><strong>Durante el fin de semana largo, el recinto es sede de una expo que ofrece productos para el descanso y fortalece la actividad econ\u00f3mica.<\/strong><\/li>\n<\/ul>\n\n\n\n<p>Siguiendo la instrucci\u00f3n del Gobernador Ricardo Gallardo Cardona de generar espacios de desarrollo comercial, el Gobierno del Estado respalda la realizaci\u00f3n de la Expo Tu Descanso en el Centro de Negocios Potos\u00ed (CNP), evento que reunir\u00e1 a diversas marcas especializadas en productos para el descanso, en un espacio que se consolida como referente.<\/p>\n\n\n\n<p>La directora general del recinto, Yathziryy Arah\u00ed Vitales Medina, destac\u00f3 que, durante este fin de semana largo, las familias pueden aprovechar su tiempo para visitar esta exposici\u00f3n, que ofrece una amplia variedad de colchones, almohadas y art\u00edculos de blancos, en un recinto moderno y funcional.<\/p>\n\n\n\n<p>La \u201cExpo Tu Descanso\u201d se realiza del 1 al 4 de mayo, en un horario de 10:00 a 20:00 horas, en el Lobby Expo, reflejando el cambio que se vive y se siente con espacios que promueven el consumo y brindan mayores opciones a las familias potosinas.<\/p>\n","protected":false},"excerpt":{"rendered":"<p>Siguiendo la instrucci\u00f3n del Gobernador Ricardo Gallardo Cardona de generar espacios de desarrollo comercial, el Gobierno del Estado respalda la realizaci\u00f3n de la Expo Tu Descanso en el Centro de Negocios Potos\u00ed (CNP), evento que reunir\u00e1 a diversas marcas especializadas en productos para el descanso, en un espacio que se consolida como referente. La directora [&hellip;]<\/p>\n","protected":false},"author":1,"featured_media":33356,"comment_status":"open","ping_status":"open","sticky":false,"template":"","format":"standard","meta":{"om_disable_all_campaigns":false,"footnotes":""},"categories":[3],"tags":[],"aioseo_notices":[],"_links":{"self":[{"href":"https:\/\/smnoticias.com.mx\/index.php\/wp-json\/wp\/v2\/posts\/33355"}],"collection":[{"href":"https:\/\/smnoticias.com.mx\/index.php\/wp-json\/wp\/v2\/posts"}],"about":[{"href":"https:\/\/smnoticias.com.mx\/index.php\/wp-json\/wp\/v2\/types\/post"}],"author":[{"embeddable":true,"href":"https:\/\/smnoticias.com.mx\/index.php\/wp-json\/wp\/v2\/users\/1"}],"replies":[{"embeddable":true,"href":"https:\/\/smnoticias.com.mx\/index.php\/wp-json\/wp\/v2\/comments?post=33355"}],"version-history":[{"count":1,"href":"https:\/\/smnoticias.com.mx\/index.php\/wp-json\/wp\/v2\/posts\/33355\/revisions"}],"predecessor-version":[{"id":33357,"href":"https:\/\/smnoticias.com.mx\/index.php\/wp-json\/wp\/v2\/posts\/33355\/revisions\/33357"}],"wp:featuredmedia":[{"embeddable":true,"href":"https:\/\/smnoticias.com.mx\/index.php\/wp-json\/wp\/v2\/media\/33356"}],"wp:attachment":[{"href":"https:\/\/smnoticias.com.mx\/index.php\/wp-json\/wp\/v2\/media?parent=33355"}],"wp:term":[{"taxonomy":"category","embeddable":true,"href":"https:\/\/smnoticias.com.mx\/index.php\/wp-json\/wp\/v2\/categories?post=33355"},{"taxonomy":"post_tag","embeddable":true,"href":"https:\/\/smnoticias.com.mx\/index.php\/wp-json\/wp\/v2\/tags?post=33355"}],"curies":[{"name":"wp","href":"https:\/\/api.w.org\/{rel}","templated":true}]}}