{"id":33358,"date":"2026-05-01T10:10:00","date_gmt":"2026-05-01T10:10:00","guid":{"rendered":"https:\/\/smnoticias.com.mx\/?p=33358"},"modified":"2026-05-02T05:22:10","modified_gmt":"2026-05-02T05:22:10","slug":"estado-fortalece-alianza-cultural-en-la-huasteca","status":"publish","type":"post","link":"https:\/\/smnoticias.com.mx\/index.php\/2026\/05\/01\/estado-fortalece-alianza-cultural-en-la-huasteca\/","title":{"rendered":"Estado fortalece alianza cultural en la Huasteca"},"content":{"rendered":"\n<ul>\n<li><strong>Participa en la consolidaci\u00f3n de un esfuerzo regional con inversi\u00f3n conjunta superior a los 4.5 millones de pesos para preservar y promover la riqueza cultural.<\/strong><\/li>\n<\/ul>\n\n\n\n<p>En l\u00ednea con la visi\u00f3n del Gobernador Ricardo Gallardo Cardona de fortalecer la identidad cultural y el desarrollo regional, San Luis Potos\u00ed particip\u00f3 en la Primera Reuni\u00f3n Ordinaria 2026 del Programa de Desarrollo Cultural de la Huasteca, donde se reafirm\u00f3 la colaboraci\u00f3n entre entidades y la federaci\u00f3n para impulsar el patrimonio de esta regi\u00f3n.<\/p>\n\n\n\n<p>Durante el encuentro se aprob\u00f3 el Programa Operativo Anual 2026, que contempla actividades como el Festival de la Huasteca en \u00c1lamo, Veracruz, el Foro Cultural en Ciudad Valles, adem\u00e1s de encuentros para ni\u00f1as, ni\u00f1os y j\u00f3venes, talleres de son huasteco y el fortalecimiento de lenguas originarias, acciones que avanzan con un desarrollo sin l\u00edmites en beneficio de las comunidades participantes.<\/p>\n\n\n\n<p>La suma de esfuerzos entre San Luis Potos\u00ed, Hidalgo, Puebla, Quer\u00e9taro, Tamaulipas, Veracruz y la federaci\u00f3n permiti\u00f3 acordar una inversi\u00f3n conjunta de 4 millones 575 mil pesos, destinada a ampliar el acceso a la cultura y fortalecer la participaci\u00f3n social. Este trabajo coordinado consolida el cambio que se vive y se siente con proyectos que preservan las tradiciones y fortalecen el patrimonio vivo de la Huasteca.<\/p>\n","protected":false},"excerpt":{"rendered":"<p>En l\u00ednea con la visi\u00f3n del Gobernador Ricardo Gallardo Cardona de fortalecer la identidad cultural y el desarrollo regional, San Luis Potos\u00ed particip\u00f3 en la Primera Reuni\u00f3n Ordinaria 2026 del Programa de Desarrollo Cultural de la Huasteca, donde se reafirm\u00f3 la colaboraci\u00f3n entre entidades y la federaci\u00f3n para impulsar el patrimonio de esta regi\u00f3n. Durante [&hellip;]<\/p>\n","protected":false},"author":1,"featured_media":33359,"comment_status":"open","ping_status":"open","sticky":false,"template":"","format":"standard","meta":{"om_disable_all_campaigns":false,"footnotes":""},"categories":[3],"tags":[],"aioseo_notices":[],"_links":{"self":[{"href":"https:\/\/smnoticias.com.mx\/index.php\/wp-json\/wp\/v2\/posts\/33358"}],"collection":[{"href":"https:\/\/smnoticias.com.mx\/index.php\/wp-json\/wp\/v2\/posts"}],"about":[{"href":"https:\/\/smnoticias.com.mx\/index.php\/wp-json\/wp\/v2\/types\/post"}],"author":[{"embeddable":true,"href":"https:\/\/smnoticias.com.mx\/index.php\/wp-json\/wp\/v2\/users\/1"}],"replies":[{"embeddable":true,"href":"https:\/\/smnoticias.com.mx\/index.php\/wp-json\/wp\/v2\/comments?post=33358"}],"version-history":[{"count":1,"href":"https:\/\/smnoticias.com.mx\/index.php\/wp-json\/wp\/v2\/posts\/33358\/revisions"}],"predecessor-version":[{"id":33360,"href":"https:\/\/smnoticias.com.mx\/index.php\/wp-json\/wp\/v2\/posts\/33358\/revisions\/33360"}],"wp:featuredmedia":[{"embeddable":true,"href":"https:\/\/smnoticias.com.mx\/index.php\/wp-json\/wp\/v2\/media\/33359"}],"wp:attachment":[{"href":"https:\/\/smnoticias.com.mx\/index.php\/wp-json\/wp\/v2\/media?parent=33358"}],"wp:term":[{"taxonomy":"category","embeddable":true,"href":"https:\/\/smnoticias.com.mx\/index.php\/wp-json\/wp\/v2\/categories?post=33358"},{"taxonomy":"post_tag","embeddable":true,"href":"https:\/\/smnoticias.com.mx\/index.php\/wp-json\/wp\/v2\/tags?post=33358"}],"curies":[{"name":"wp","href":"https:\/\/api.w.org\/{rel}","templated":true}]}}